{"id":3745,"date":"2023-03-31T08:01:18","date_gmt":"2023-03-31T08:01:18","guid":{"rendered":"https:\/\/www.digequal.com\/educa-en-digital\/"},"modified":"2023-03-31T08:01:19","modified_gmt":"2023-03-31T08:01:19","slug":"educa-en-digital","status":"publish","type":"post","link":"https:\/\/www.digequal.com\/es\/educa-en-digital\/","title":{"rendered":"Educa en digital"},"content":{"rendered":"\t\t<div data-elementor-type=\"wp-post\" data-elementor-id=\"3745\" class=\"elementor elementor-3745 elementor-1994\" data-elementor-post-type=\"post\">\n\t\t\t\t\t\t<div class=\"elementor-inner\">\n\t\t\t\t<div class=\"elementor-section-wrap\">\n\t\t\t\t\t\t\t\t\t<section class=\"elementor-section elementor-top-section elementor-element elementor-element-3aaba43 elementor-section-boxed elementor-section-height-default elementor-section-height-default\" data-id=\"3aaba43\" data-element_type=\"section\">\n\t\t\t\t\t\t<div class=\"elementor-container elementor-column-gap-default\">\n\t\t\t\t\t\t\t<div class=\"elementor-row\">\n\t\t\t\t\t<div class=\"elementor-column elementor-col-100 elementor-top-column elementor-element elementor-element-11798e2\" data-id=\"11798e2\" data-element_type=\"column\">\n\t\t\t<div class=\"elementor-column-wrap elementor-element-populated\">\n\t\t\t\t\t\t\t<div class=\"elementor-widget-wrap\">\n\t\t\t\t\t\t<div class=\"elementor-element elementor-element-4e9c20c elementor-widget elementor-widget-heading\" data-id=\"4e9c20c\" data-element_type=\"widget\" data-widget_type=\"heading.default\">\n\t\t\t\t<div class=\"elementor-widget-container\">\n\t\t\t<h2 class=\"elementor-heading-title elementor-size-default\">Educa en digital<\/h2>\t\t<\/div>\n\t\t\t\t<\/div>\n\t\t\t\t<div class=\"elementor-element elementor-element-58ed54a elementor-widget elementor-widget-text-editor\" data-id=\"58ed54a\" data-element_type=\"widget\" data-widget_type=\"text-editor.default\">\n\t\t\t\t<div class=\"elementor-widget-container\">\n\t\t\t\t\t\t\t\t<div class=\"elementor-text-editor elementor-clearfix\">\n\t\t\t\t<p><strong>\u00c1mbito del portal de administraci\u00f3n electr\u00f3nica: <\/strong>educaci\u00f3n<\/p>\n\t\t\t\t\t<\/div>\n\t\t\t\t\t\t<\/div>\n\t\t\t\t<\/div>\n\t\t\t\t<section class=\"elementor-section elementor-inner-section elementor-element elementor-element-c064b53 elementor-section-boxed elementor-section-height-default elementor-section-height-default\" data-id=\"c064b53\" data-element_type=\"section\">\n\t\t\t\t\t\t<div class=\"elementor-container elementor-column-gap-default\">\n\t\t\t\t\t\t\t<div class=\"elementor-row\">\n\t\t\t\t\t<div class=\"elementor-column elementor-col-50 elementor-inner-column elementor-element elementor-element-3860416\" data-id=\"3860416\" data-element_type=\"column\">\n\t\t\t<div class=\"elementor-column-wrap elementor-element-populated\">\n\t\t\t\t\t\t\t<div class=\"elementor-widget-wrap\">\n\t\t\t\t\t\t<div class=\"elementor-element elementor-element-fb68f00 elementor-widget elementor-widget-theme-post-featured-image elementor-widget-image\" data-id=\"fb68f00\" data-element_type=\"widget\" data-widget_type=\"theme-post-featured-image.default\">\n\t\t\t\t<div class=\"elementor-widget-container\">\n\t\t\t\t\t\t\t\t<div class=\"elementor-image\">\n\t\t\t\t\t\t\t\t\t\t\t\t<img width=\"1200\" height=\"630\" src=\"https:\/\/www.digequal.com\/wp-content\/uploads\/2022\/11\/ES-National-e-government-services.jpg\" class=\"attachment-full size-full wp-image-2774\" alt=\"\" loading=\"lazy\" srcset=\"https:\/\/www.digequal.com\/wp-content\/uploads\/2022\/11\/ES-National-e-government-services.jpg 1200w, https:\/\/www.digequal.com\/wp-content\/uploads\/2022\/11\/ES-National-e-government-services-300x158.jpg 300w, https:\/\/www.digequal.com\/wp-content\/uploads\/2022\/11\/ES-National-e-government-services-1024x538.jpg 1024w, https:\/\/www.digequal.com\/wp-content\/uploads\/2022\/11\/ES-National-e-government-services-768x403.jpg 768w\" sizes=\"(max-width: 1200px) 100vw, 1200px\" \/>\t\t\t\t\t\t\t\t\t\t\t\t\t\t<\/div>\n\t\t\t\t\t\t<\/div>\n\t\t\t\t<\/div>\n\t\t\t\t\t\t<\/div>\n\t\t\t\t\t<\/div>\n\t\t<\/div>\n\t\t\t\t<div class=\"elementor-column elementor-col-50 elementor-inner-column elementor-element elementor-element-468c910\" data-id=\"468c910\" data-element_type=\"column\">\n\t\t\t<div class=\"elementor-column-wrap elementor-element-populated\">\n\t\t\t\t\t\t\t<div class=\"elementor-widget-wrap\">\n\t\t\t\t\t\t<div class=\"elementor-element elementor-element-5684afd elementor-widget elementor-widget-text-editor\" data-id=\"5684afd\" data-element_type=\"widget\" data-widget_type=\"text-editor.default\">\n\t\t\t\t<div class=\"elementor-widget-container\">\n\t\t\t\t\t\t\t\t<div class=\"elementor-text-editor elementor-clearfix\">\n\t\t\t\t<p>Debido a la pandemia, el sector educativo ha sido uno de los m\u00e1s afectados. El hecho de que las escuelas estuvieran cerradas, provoc\u00f3 que muchos alumnos en situaci\u00f3n de vulnerabilidad no pudieran continuar con su aprendizaje debido a la falta de recursos para adquirir dispositivos o conectividad. Por ello es una de las \u00e1reas que m\u00e1s necesita invertir en digitalizaci\u00f3n, con el fin de desarrollar iniciativas educativas que puedan adaptarse al contexto social tecnol\u00f3gico que nos encontramos.<\/p>\n<p>El Consejo de Ministros ha aprobado la firma de un convenio entre el Ministerio de Educaci\u00f3n y Formaci\u00f3n Profesional, el Ministerio de Econom\u00eda y Transformaci\u00f3n Digital para poner en marcha el programa Educa en Digital con el objetivo de apoyar la transformaci\u00f3n digital de la educaci\u00f3n en Espa\u00f1a.<\/p>\n<p>El programa est\u00e1 destinado a dotar a los centros educativos de dispositivos y conectividad. Los centros pondr\u00e1n a disposici\u00f3n de los alumnos m\u00e1s vulnerables, a trav\u00e9s de pr\u00e9stamos, dispositivos que faciliten la educaci\u00f3n digital tanto presencial en la escuela como desde casa.<\/p>\n<p>Este programa tambi\u00e9n promueve el desarrollo de plataformas que sirvan a profesores, alumnos y a todas las autoridades educativas implicadas aplicando Inteligencia Artificial. Esto permitir\u00e1 un seguimiento m\u00e1s eficaz del progreso de los alumnos y un an\u00e1lisis individualizado.<\/p>\n<p>Los alumnos no han sido los \u00fanicos afectados durante la pandemia. Los profesores han tenido que adaptarse al nuevo contexto social que requiere competencias y herramientas digitales espec\u00edficas. Por ello, el Ministerio de Educaci\u00f3n y Formaci\u00f3n Profesional, a trav\u00e9s del Instituto Nacional de Tecnolog\u00edas Educativas y Formaci\u00f3n del Profesorado, ha concedido recursos a los docentes, al tiempo que ha ofrecido cursos de formaci\u00f3n del profesorado para adecuar las competencias de los docentes a la educaci\u00f3n en un entorno digital.<\/p>\n\t\t\t\t\t<\/div>\n\t\t\t\t\t\t<\/div>\n\t\t\t\t<\/div>\n\t\t\t\t\t\t<\/div>\n\t\t\t\t\t<\/div>\n\t\t<\/div>\n\t\t\t\t\t\t\t\t<\/div>\n\t\t\t\t\t<\/div>\n\t\t<\/section>\n\t\t\t\t<div class=\"elementor-element elementor-element-f45f41c elementor-widget elementor-widget-spacer\" data-id=\"f45f41c\" data-element_type=\"widget\" data-widget_type=\"spacer.default\">\n\t\t\t\t<div class=\"elementor-widget-container\">\n\t\t\t\t\t<div class=\"elementor-spacer\">\n\t\t\t<div class=\"elementor-spacer-inner\"><\/div>\n\t\t<\/div>\n\t\t\t\t<\/div>\n\t\t\t\t<\/div>\n\t\t\t\t<div class=\"elementor-element elementor-element-53cde3e elementor-align-center elementor-widget elementor-widget-button\" data-id=\"53cde3e\" data-element_type=\"widget\" data-widget_type=\"button.default\">\n\t\t\t\t<div class=\"elementor-widget-container\">\n\t\t\t\t\t<div class=\"elementor-button-wrapper\">\n\t\t\t<a class=\"elementor-button elementor-button-link elementor-size-md\" href=\"https:\/\/red.es\/es\/iniciativas\/educa-en-digital\" target=\"_blank\" rel=\"noopener\">\n\t\t\t\t\t\t<span class=\"elementor-button-content-wrapper\">\n\t\t\t\t\t\t<span class=\"elementor-button-text\">Sitio web del Gobierno<\/span>\n\t\t<\/span>\n\t\t\t\t\t<\/a>\n\t\t<\/div>\n\t\t\t\t<\/div>\n\t\t\t\t<\/div>\n\t\t\t\t\t\t<\/div>\n\t\t\t\t\t<\/div>\n\t\t<\/div>\n\t\t\t\t\t\t\t\t<\/div>\n\t\t\t\t\t<\/div>\n\t\t<\/section>\n\t\t\t\t\t\t\t\t\t<\/div>\n\t\t\t<\/div>\n\t\t\t\t\t<\/div>\n\t\t","protected":false},"excerpt":{"rendered":"<p>\u00c1mbito del portal de administraci\u00f3n electr\u00f3nica: educaci\u00f3n Debido a la pandemia, el sector educativo ha sido uno de los m\u00e1s afectados. El hecho de que las escuelas estuvieran cerradas, provoc\u00f3 que muchos alumnos en situaci\u00f3n de vulnerabilidad no pudieran continuar con su aprendizaje debido a la falta de recursos para adquirir dispositivos o conectividad. Por [&hellip;]<\/p>\n","protected":false},"author":7,"featured_media":2774,"comment_status":"closed","ping_status":"open","sticky":false,"template":"","format":"standard","meta":[],"categories":[112,109],"tags":[],"_links":{"self":[{"href":"https:\/\/www.digequal.com\/es\/wp-json\/wp\/v2\/posts\/3745"}],"collection":[{"href":"https:\/\/www.digequal.com\/es\/wp-json\/wp\/v2\/posts"}],"about":[{"href":"https:\/\/www.digequal.com\/es\/wp-json\/wp\/v2\/types\/post"}],"author":[{"embeddable":true,"href":"https:\/\/www.digequal.com\/es\/wp-json\/wp\/v2\/users\/7"}],"replies":[{"embeddable":true,"href":"https:\/\/www.digequal.com\/es\/wp-json\/wp\/v2\/comments?post=3745"}],"version-history":[{"count":1,"href":"https:\/\/www.digequal.com\/es\/wp-json\/wp\/v2\/posts\/3745\/revisions"}],"predecessor-version":[{"id":3746,"href":"https:\/\/www.digequal.com\/es\/wp-json\/wp\/v2\/posts\/3745\/revisions\/3746"}],"wp:featuredmedia":[{"embeddable":true,"href":"https:\/\/www.digequal.com\/es\/wp-json\/wp\/v2\/media\/2774"}],"wp:attachment":[{"href":"https:\/\/www.digequal.com\/es\/wp-json\/wp\/v2\/media?parent=3745"}],"wp:term":[{"taxonomy":"category","embeddable":true,"href":"https:\/\/www.digequal.com\/es\/wp-json\/wp\/v2\/categories?post=3745"},{"taxonomy":"post_tag","embeddable":true,"href":"https:\/\/www.digequal.com\/es\/wp-json\/wp\/v2\/tags?post=3745"}],"curies":[{"name":"wp","href":"https:\/\/api.w.org\/{rel}","templated":true}]}}